{"id":399,"date":"2019-10-06T15:45:59","date_gmt":"2019-10-06T13:45:59","guid":{"rendered":"https:\/\/www.berg-hof-laedeli.ch\/?p=399"},"modified":"2020-09-24T09:22:35","modified_gmt":"2020-09-24T07:22:35","slug":"neue-webseite-online","status":"publish","type":"post","link":"https:\/\/www.berg-hof-laedeli.ch\/index.php\/2019\/10\/06\/neue-webseite-online\/","title":{"rendered":"Online  Shop!"},"content":{"rendered":"\n<p>Sehr geehrter Besucher unserer  Webseite<\/p>\n\n\n\n<p>Gerne stellen wir Ihnen auf unserer neuen Webseite alle n\u00f6tigen Informationen \u00fcber unser Hofl\u00e4deli zur Verf\u00fcgung.<\/p>\n\n\n\n<p><strong>NEU<\/strong> haben Sie nun die M\u00f6glichkeit Ihren Einkauf vorzubestellen.  Einerseits sind sie somit sicher, dass Sie das was sie gerne einkaufen m\u00f6chten auch  erhalten. Dieses Produkte stellen wir speziell f\u00fcr Sie her und reservieren es. <\/p>\n\n\n\n<p>Uns erleichtern Sie durch ihre Vorbestellung die Arbeit enorm, da wir somit im Voraus \u00fcber die nachgefragte Menge informiert sind und entsprechende  Produkte herstellen k\u00f6nnen.<\/p>\n\n\n\n<p><strong>Bitte beachten Sie<\/strong>, dass es sich bei der Bestellung lediglich um eine Reservation bzw. Vorbestellung handelt und <strong>kein Versand<\/strong> der Waren statt findet.<\/p>\n\n\n\n<p>Die Produktpalette ist zurzeit noch nicht vollst\u00e4ndig, wird jedoch in den n\u00e4chsten Tagen und Wochen erg\u00e4nzt. <\/p>\n\n\n\n<p>Wir bedanken uns bei Ihnen f\u00fcr Ihre Kundschaft und freuen uns sehr wenn Sie das neue Angebot nutzen.<\/p>\n\n\n\n<p>Silvia Baldinger und Berg-Hof-L\u00e4deli-Team<\/p>\n","protected":false},"excerpt":{"rendered":"<p>Sehr geehrter Besucher unserer Webseite Gerne stellen wir Ihnen auf unserer neuen Webseite alle n\u00f6tigen Informationen \u00fcber unser Hofl\u00e4deli zur Verf\u00fcgung. NEU haben Sie nun die M\u00f6glichkeit Ihren Einkauf vorzubestellen. Einerseits sind sie somit sicher, dass Sie das was sie gerne einkaufen m\u00f6chten auch erhalten. Dieses Produkte stellen wir speziell f\u00fcr Sie her und reservieren [&hellip;]<\/p>\n","protected":false},"author":2,"featured_media":0,"comment_status":"closed","ping_status":"closed","sticky":false,"template":"","format":"standard","meta":[],"categories":[1],"tags":[],"wps_subtitle":"","_links":{"self":[{"href":"https:\/\/www.berg-hof-laedeli.ch\/index.php\/wp-json\/wp\/v2\/posts\/399"}],"collection":[{"href":"https:\/\/www.berg-hof-laedeli.ch\/index.php\/wp-json\/wp\/v2\/posts"}],"about":[{"href":"https:\/\/www.berg-hof-laedeli.ch\/index.php\/wp-json\/wp\/v2\/types\/post"}],"author":[{"embeddable":true,"href":"https:\/\/www.berg-hof-laedeli.ch\/index.php\/wp-json\/wp\/v2\/users\/2"}],"replies":[{"embeddable":true,"href":"https:\/\/www.berg-hof-laedeli.ch\/index.php\/wp-json\/wp\/v2\/comments?post=399"}],"version-history":[{"count":3,"href":"https:\/\/www.berg-hof-laedeli.ch\/index.php\/wp-json\/wp\/v2\/posts\/399\/revisions"}],"predecessor-version":[{"id":741,"href":"https:\/\/www.berg-hof-laedeli.ch\/index.php\/wp-json\/wp\/v2\/posts\/399\/revisions\/741"}],"wp:attachment":[{"href":"https:\/\/www.berg-hof-laedeli.ch\/index.php\/wp-json\/wp\/v2\/media?parent=399"}],"wp:term":[{"taxonomy":"category","embeddable":true,"href":"https:\/\/www.berg-hof-laedeli.ch\/index.php\/wp-json\/wp\/v2\/categories?post=399"},{"taxonomy":"post_tag","embeddable":true,"href":"https:\/\/www.berg-hof-laedeli.ch\/index.php\/wp-json\/wp\/v2\/tags?post=399"}],"curies":[{"name":"wp","href":"https:\/\/api.w.org\/{rel}","templated":true}]}}